
{"id":647,"date":"2022-03-09T09:30:26","date_gmt":"2022-03-09T09:30:26","guid":{"rendered":"https:\/\/kanarikalandok.hu\/?p=647"},"modified":"2022-03-21T11:31:21","modified_gmt":"2022-03-21T11:31:21","slug":"poema-del-mar-akvarium","status":"publish","type":"post","link":"https:\/\/kanarikalandok.hu\/poema-del-mar-akvarium\/","title":{"rendered":"Poema del Mar Akv\u00e1rium"},"content":{"rendered":"\n<p>A Loro Parque \u00e9s a Siam Park csoporthoz tartoz\u00f3 Poema del Mar remek sz\u00f3rakoz\u00e1si \u00e9s egyben tanul\u00e1si lehet\u0151s\u00e9g is: F\u00f6ld\u00fcnk (vizeinek) \u00e9l\u0151vil\u00e1g\u00e1t mutatja be feln\u0151tteknek \u00e9s gyerekeknek egyar\u00e1nt.<\/p>\n\n\n\n<p>A parkban a m\u00e9lytengeri \u00e9s a felsz\u00ednen \u00e9l\u0151 \u00f6kosziszt\u00e9m\u00e1k mellett, az \u00e9desv\u00edzi \u00e9l\u0151l\u00e9nyek is megjelennek, \u00edgy \u00f6sszesen t\u00f6bb mint 2 000 faj mindennapi \u00e9let\u00e9be kap betekint\u00e9st. Az akv\u00e1rium dzsungel z\u00f3n\u00e1j\u00e1ban megismerheti bolyg\u00f3nk jelenlegi arculat\u00e1t, majd a m\u00e1sodik r\u00e9szben egy hatalmas hengerben jelennek meg a tenger felsz\u00edn\u00e9n \u00e9l\u0151 korallok \u00e9s a csod\u00e1latos sz\u00ednes halak. A t\u00fara v\u00e9gs\u0151 r\u00e9sz\u00e9n a tenger m\u00e9ly\u00e9nek \u00e9l\u0151vil\u00e1g\u00e1r\u00f3l kaphat k\u00e9pet.<\/p>\n\n\n\n<p>A ki\u00e1ll\u00edt\u00e1s egy-egy szakasz\u00e1ban t\u00f6bb mint 350 fajjal tal\u00e1lkozhat. A 12.500 m2 alapter\u00fclet\u0171 akv\u00e1rium tematikus kialak\u00edt\u00e1s\u00e1nak k\u00f6sz\u00f6nhet\u0151en bolyg\u00f3nk t\u00f6bb rejtett zug\u00e1ba betekint\u00e9st nyerhet \u00e9s felfedezheti az ott \u00e9l\u0151 v\u00edzi \u00e1llatokat \u00e9s n\u00f6v\u00e9nyeket.<\/p>\n\n\n\n<p>Nyitva:<\/p>\n\n\n\n<ul><li>Minden nap 9:30-17:30 k\u00f6z\u00f6tt<\/li><\/ul>\n\n\n\n<p><\/p>\n\n\n\n<figure class=\"wp-block-gallery has-nested-images columns-default is-cropped\">\n<figure class=\"wp-block-image size-large\"><img loading=\"lazy\" width=\"1024\" height=\"683\" data-id=\"648\"  src=\"https:\/\/kanarikalandok.hu\/wp-content\/uploads\/2022\/03\/Poema-del-Mar-2-1.jpg\" alt=\"\" class=\"wp-image-648\" srcset=\"https:\/\/kanarikalandok.hu\/wp-content\/uploads\/2022\/03\/Poema-del-Mar-2-1.jpg 1024w, https:\/\/kanarikalandok.hu\/wp-content\/uploads\/2022\/03\/Poema-del-Mar-2-1-300x200.jpg 300w, https:\/\/kanarikalandok.hu\/wp-content\/uploads\/2022\/03\/Poema-del-Mar-2-1-768x512.jpg 768w, https:\/\/kanarikalandok.hu\/wp-content\/uploads\/2022\/03\/Poema-del-Mar-2-1-40x27.jpg 40w, https:\/\/kanarikalandok.hu\/wp-content\/uploads\/2022\/03\/Poema-del-Mar-2-1-55x37.jpg 55w, https:\/\/kanarikalandok.hu\/wp-content\/uploads\/2022\/03\/Poema-del-Mar-2-1-100x67.jpg 100w\" sizes=\"(max-width: 1024px) 100vw, 1024px\" \/><\/figure>\n\n\n\n<figure class=\"wp-block-image size-large\"><img loading=\"lazy\" width=\"1024\" height=\"683\" data-id=\"650\"  src=\"https:\/\/kanarikalandok.hu\/wp-content\/uploads\/2022\/03\/Poema-del-Mar-3.jpg\" alt=\"\" class=\"wp-image-650\" srcset=\"https:\/\/kanarikalandok.hu\/wp-content\/uploads\/2022\/03\/Poema-del-Mar-3.jpg 1024w, https:\/\/kanarikalandok.hu\/wp-content\/uploads\/2022\/03\/Poema-del-Mar-3-300x200.jpg 300w, https:\/\/kanarikalandok.hu\/wp-content\/uploads\/2022\/03\/Poema-del-Mar-3-768x512.jpg 768w, https:\/\/kanarikalandok.hu\/wp-content\/uploads\/2022\/03\/Poema-del-Mar-3-40x27.jpg 40w, https:\/\/kanarikalandok.hu\/wp-content\/uploads\/2022\/03\/Poema-del-Mar-3-55x37.jpg 55w, https:\/\/kanarikalandok.hu\/wp-content\/uploads\/2022\/03\/Poema-del-Mar-3-100x67.jpg 100w\" sizes=\"(max-width: 1024px) 100vw, 1024px\" \/><\/figure>\n\n\n\n<figure class=\"wp-block-image size-large\"><img loading=\"lazy\" width=\"1024\" height=\"683\" data-id=\"651\"  src=\"https:\/\/kanarikalandok.hu\/wp-content\/uploads\/2022\/03\/Poema-del-Mar-4.jpg\" alt=\"\" class=\"wp-image-651\" srcset=\"https:\/\/kanarikalandok.hu\/wp-content\/uploads\/2022\/03\/Poema-del-Mar-4.jpg 1024w, https:\/\/kanarikalandok.hu\/wp-content\/uploads\/2022\/03\/Poema-del-Mar-4-300x200.jpg 300w, https:\/\/kanarikalandok.hu\/wp-content\/uploads\/2022\/03\/Poema-del-Mar-4-768x512.jpg 768w, https:\/\/kanarikalandok.hu\/wp-content\/uploads\/2022\/03\/Poema-del-Mar-4-40x27.jpg 40w, https:\/\/kanarikalandok.hu\/wp-content\/uploads\/2022\/03\/Poema-del-Mar-4-55x37.jpg 55w, https:\/\/kanarikalandok.hu\/wp-content\/uploads\/2022\/03\/Poema-del-Mar-4-100x67.jpg 100w\" sizes=\"(max-width: 1024px) 100vw, 1024px\" \/><\/figure>\n\n\n\n<figure class=\"wp-block-image size-large\"><img loading=\"lazy\" width=\"1024\" height=\"768\" data-id=\"649\"  src=\"https:\/\/kanarikalandok.hu\/wp-content\/uploads\/2022\/03\/Poema-del-Mar-5.jpg\" alt=\"\" class=\"wp-image-649\" srcset=\"https:\/\/kanarikalandok.hu\/wp-content\/uploads\/2022\/03\/Poema-del-Mar-5.jpg 1024w, https:\/\/kanarikalandok.hu\/wp-content\/uploads\/2022\/03\/Poema-del-Mar-5-300x225.jpg 300w, https:\/\/kanarikalandok.hu\/wp-content\/uploads\/2022\/03\/Poema-del-Mar-5-768x576.jpg 768w, https:\/\/kanarikalandok.hu\/wp-content\/uploads\/2022\/03\/Poema-del-Mar-5-40x30.jpg 40w, https:\/\/kanarikalandok.hu\/wp-content\/uploads\/2022\/03\/Poema-del-Mar-5-55x41.jpg 55w, https:\/\/kanarikalandok.hu\/wp-content\/uploads\/2022\/03\/Poema-del-Mar-5-100x75.jpg 100w\" sizes=\"(max-width: 1024px) 100vw, 1024px\" \/><\/figure>\n\n\n\n<figure class=\"wp-block-image size-large\"><img loading=\"lazy\" width=\"1024\" height=\"683\" data-id=\"654\"  src=\"https:\/\/kanarikalandok.hu\/wp-content\/uploads\/2022\/03\/Poema-del-Mar-6.jpg\" alt=\"\" class=\"wp-image-654\" srcset=\"https:\/\/kanarikalandok.hu\/wp-content\/uploads\/2022\/03\/Poema-del-Mar-6.jpg 1024w, https:\/\/kanarikalandok.hu\/wp-content\/uploads\/2022\/03\/Poema-del-Mar-6-300x200.jpg 300w, https:\/\/kanarikalandok.hu\/wp-content\/uploads\/2022\/03\/Poema-del-Mar-6-768x512.jpg 768w, https:\/\/kanarikalandok.hu\/wp-content\/uploads\/2022\/03\/Poema-del-Mar-6-40x27.jpg 40w, https:\/\/kanarikalandok.hu\/wp-content\/uploads\/2022\/03\/Poema-del-Mar-6-55x37.jpg 55w, https:\/\/kanarikalandok.hu\/wp-content\/uploads\/2022\/03\/Poema-del-Mar-6-100x67.jpg 100w\" sizes=\"(max-width: 1024px) 100vw, 1024px\" \/><\/figure>\n\n\n\n<figure class=\"wp-block-image size-large\"><img loading=\"lazy\" width=\"1024\" height=\"683\" data-id=\"652\"  src=\"https:\/\/kanarikalandok.hu\/wp-content\/uploads\/2022\/03\/Poema-del-Mar-7.jpg\" alt=\"\" class=\"wp-image-652\" srcset=\"https:\/\/kanarikalandok.hu\/wp-content\/uploads\/2022\/03\/Poema-del-Mar-7.jpg 1024w, https:\/\/kanarikalandok.hu\/wp-content\/uploads\/2022\/03\/Poema-del-Mar-7-300x200.jpg 300w, https:\/\/kanarikalandok.hu\/wp-content\/uploads\/2022\/03\/Poema-del-Mar-7-768x512.jpg 768w, https:\/\/kanarikalandok.hu\/wp-content\/uploads\/2022\/03\/Poema-del-Mar-7-40x27.jpg 40w, https:\/\/kanarikalandok.hu\/wp-content\/uploads\/2022\/03\/Poema-del-Mar-7-55x37.jpg 55w, https:\/\/kanarikalandok.hu\/wp-content\/uploads\/2022\/03\/Poema-del-Mar-7-100x67.jpg 100w\" sizes=\"(max-width: 1024px) 100vw, 1024px\" \/><\/figure>\n\n\n\n<figure class=\"wp-block-image size-large\"><img loading=\"lazy\" width=\"1024\" height=\"683\" data-id=\"655\"  src=\"https:\/\/kanarikalandok.hu\/wp-content\/uploads\/2022\/03\/Poema-del-Mar-8.jpg\" alt=\"\" class=\"wp-image-655\" srcset=\"https:\/\/kanarikalandok.hu\/wp-content\/uploads\/2022\/03\/Poema-del-Mar-8.jpg 1024w, https:\/\/kanarikalandok.hu\/wp-content\/uploads\/2022\/03\/Poema-del-Mar-8-300x200.jpg 300w, https:\/\/kanarikalandok.hu\/wp-content\/uploads\/2022\/03\/Poema-del-Mar-8-768x512.jpg 768w, https:\/\/kanarikalandok.hu\/wp-content\/uploads\/2022\/03\/Poema-del-Mar-8-40x27.jpg 40w, https:\/\/kanarikalandok.hu\/wp-content\/uploads\/2022\/03\/Poema-del-Mar-8-55x37.jpg 55w, https:\/\/kanarikalandok.hu\/wp-content\/uploads\/2022\/03\/Poema-del-Mar-8-100x67.jpg 100w\" sizes=\"(max-width: 1024px) 100vw, 1024px\" \/><\/figure>\n\n\n\n<figure class=\"wp-block-image size-large\"><img loading=\"lazy\" width=\"1024\" height=\"683\" data-id=\"653\"  src=\"https:\/\/kanarikalandok.hu\/wp-content\/uploads\/2022\/03\/Poema-del-Mar-9.jpg\" alt=\"\" class=\"wp-image-653\" srcset=\"https:\/\/kanarikalandok.hu\/wp-content\/uploads\/2022\/03\/Poema-del-Mar-9.jpg 1024w, https:\/\/kanarikalandok.hu\/wp-content\/uploads\/2022\/03\/Poema-del-Mar-9-300x200.jpg 300w, https:\/\/kanarikalandok.hu\/wp-content\/uploads\/2022\/03\/Poema-del-Mar-9-768x512.jpg 768w, https:\/\/kanarikalandok.hu\/wp-content\/uploads\/2022\/03\/Poema-del-Mar-9-40x27.jpg 40w, https:\/\/kanarikalandok.hu\/wp-content\/uploads\/2022\/03\/Poema-del-Mar-9-55x37.jpg 55w, https:\/\/kanarikalandok.hu\/wp-content\/uploads\/2022\/03\/Poema-del-Mar-9-100x67.jpg 100w\" sizes=\"(max-width: 1024px) 100vw, 1024px\" \/><\/figure>\n\n\n\n<figure class=\"wp-block-image size-large\"><img loading=\"lazy\" width=\"768\" height=\"1024\" data-id=\"658\"  src=\"https:\/\/kanarikalandok.hu\/wp-content\/uploads\/2022\/03\/Poema-del-Mar-10.jpg\" alt=\"\" class=\"wp-image-658\" srcset=\"https:\/\/kanarikalandok.hu\/wp-content\/uploads\/2022\/03\/Poema-del-Mar-10.jpg 768w, https:\/\/kanarikalandok.hu\/wp-content\/uploads\/2022\/03\/Poema-del-Mar-10-225x300.jpg 225w, https:\/\/kanarikalandok.hu\/wp-content\/uploads\/2022\/03\/Poema-del-Mar-10-30x40.jpg 30w, https:\/\/kanarikalandok.hu\/wp-content\/uploads\/2022\/03\/Poema-del-Mar-10-41x55.jpg 41w, https:\/\/kanarikalandok.hu\/wp-content\/uploads\/2022\/03\/Poema-del-Mar-10-75x100.jpg 75w\" sizes=\"(max-width: 768px) 100vw, 768px\" \/><\/figure>\n\n\n\n<figure class=\"wp-block-image size-large\"><img loading=\"lazy\" width=\"1024\" height=\"576\" data-id=\"656\"  src=\"https:\/\/kanarikalandok.hu\/wp-content\/uploads\/2022\/03\/Poema-del-Mar-11.jpg\" alt=\"\" class=\"wp-image-656\" srcset=\"https:\/\/kanarikalandok.hu\/wp-content\/uploads\/2022\/03\/Poema-del-Mar-11.jpg 1024w, https:\/\/kanarikalandok.hu\/wp-content\/uploads\/2022\/03\/Poema-del-Mar-11-300x169.jpg 300w, https:\/\/kanarikalandok.hu\/wp-content\/uploads\/2022\/03\/Poema-del-Mar-11-768x432.jpg 768w, https:\/\/kanarikalandok.hu\/wp-content\/uploads\/2022\/03\/Poema-del-Mar-11-40x23.jpg 40w, https:\/\/kanarikalandok.hu\/wp-content\/uploads\/2022\/03\/Poema-del-Mar-11-55x31.jpg 55w, https:\/\/kanarikalandok.hu\/wp-content\/uploads\/2022\/03\/Poema-del-Mar-11-100x56.jpg 100w\" sizes=\"(max-width: 1024px) 100vw, 1024px\" \/><\/figure>\n\n\n\n<figure class=\"wp-block-image size-large\"><img loading=\"lazy\" width=\"1024\" height=\"940\" data-id=\"657\"  src=\"https:\/\/kanarikalandok.hu\/wp-content\/uploads\/2022\/03\/Poema-del-Mar-12.jpg\" alt=\"\" class=\"wp-image-657\" srcset=\"https:\/\/kanarikalandok.hu\/wp-content\/uploads\/2022\/03\/Poema-del-Mar-12.jpg 1024w, https:\/\/kanarikalandok.hu\/wp-content\/uploads\/2022\/03\/Poema-del-Mar-12-300x275.jpg 300w, https:\/\/kanarikalandok.hu\/wp-content\/uploads\/2022\/03\/Poema-del-Mar-12-768x705.jpg 768w, https:\/\/kanarikalandok.hu\/wp-content\/uploads\/2022\/03\/Poema-del-Mar-12-40x37.jpg 40w, https:\/\/kanarikalandok.hu\/wp-content\/uploads\/2022\/03\/Poema-del-Mar-12-55x50.jpg 55w, https:\/\/kanarikalandok.hu\/wp-content\/uploads\/2022\/03\/Poema-del-Mar-12-100x92.jpg 100w\" sizes=\"(max-width: 1024px) 100vw, 1024px\" \/><\/figure>\n\n\n\n<figure class=\"wp-block-image size-large\"><img loading=\"lazy\" width=\"1024\" height=\"635\" data-id=\"662\"  src=\"https:\/\/kanarikalandok.hu\/wp-content\/uploads\/2022\/03\/Poema-del-Mar-13.jpg\" alt=\"\" class=\"wp-image-662\" srcset=\"https:\/\/kanarikalandok.hu\/wp-content\/uploads\/2022\/03\/Poema-del-Mar-13.jpg 1024w, https:\/\/kanarikalandok.hu\/wp-content\/uploads\/2022\/03\/Poema-del-Mar-13-300x186.jpg 300w, https:\/\/kanarikalandok.hu\/wp-content\/uploads\/2022\/03\/Poema-del-Mar-13-768x476.jpg 768w, https:\/\/kanarikalandok.hu\/wp-content\/uploads\/2022\/03\/Poema-del-Mar-13-40x25.jpg 40w, https:\/\/kanarikalandok.hu\/wp-content\/uploads\/2022\/03\/Poema-del-Mar-13-55x34.jpg 55w, https:\/\/kanarikalandok.hu\/wp-content\/uploads\/2022\/03\/Poema-del-Mar-13-100x62.jpg 100w\" sizes=\"(max-width: 1024px) 100vw, 1024px\" \/><\/figure>\n\n\n\n<figure class=\"wp-block-image size-large\"><img loading=\"lazy\" width=\"1024\" height=\"683\" data-id=\"659\"  src=\"https:\/\/kanarikalandok.hu\/wp-content\/uploads\/2022\/03\/Poema-del-Mar-14.jpg\" alt=\"\" class=\"wp-image-659\" srcset=\"https:\/\/kanarikalandok.hu\/wp-content\/uploads\/2022\/03\/Poema-del-Mar-14.jpg 1024w, https:\/\/kanarikalandok.hu\/wp-content\/uploads\/2022\/03\/Poema-del-Mar-14-300x200.jpg 300w, https:\/\/kanarikalandok.hu\/wp-content\/uploads\/2022\/03\/Poema-del-Mar-14-768x512.jpg 768w, https:\/\/kanarikalandok.hu\/wp-content\/uploads\/2022\/03\/Poema-del-Mar-14-40x27.jpg 40w, https:\/\/kanarikalandok.hu\/wp-content\/uploads\/2022\/03\/Poema-del-Mar-14-55x37.jpg 55w, https:\/\/kanarikalandok.hu\/wp-content\/uploads\/2022\/03\/Poema-del-Mar-14-100x67.jpg 100w\" sizes=\"(max-width: 1024px) 100vw, 1024px\" \/><\/figure>\n\n\n\n<figure class=\"wp-block-image size-large\"><img loading=\"lazy\" width=\"1024\" height=\"683\" data-id=\"661\"  src=\"https:\/\/kanarikalandok.hu\/wp-content\/uploads\/2022\/03\/Poema-del-Mar-15.jpg\" alt=\"\" class=\"wp-image-661\" srcset=\"https:\/\/kanarikalandok.hu\/wp-content\/uploads\/2022\/03\/Poema-del-Mar-15.jpg 1024w, https:\/\/kanarikalandok.hu\/wp-content\/uploads\/2022\/03\/Poema-del-Mar-15-300x200.jpg 300w, https:\/\/kanarikalandok.hu\/wp-content\/uploads\/2022\/03\/Poema-del-Mar-15-768x512.jpg 768w, https:\/\/kanarikalandok.hu\/wp-content\/uploads\/2022\/03\/Poema-del-Mar-15-40x27.jpg 40w, https:\/\/kanarikalandok.hu\/wp-content\/uploads\/2022\/03\/Poema-del-Mar-15-55x37.jpg 55w, https:\/\/kanarikalandok.hu\/wp-content\/uploads\/2022\/03\/Poema-del-Mar-15-100x67.jpg 100w\" sizes=\"(max-width: 1024px) 100vw, 1024px\" \/><\/figure>\n\n\n\n<figure class=\"wp-block-image size-large\"><img loading=\"lazy\" width=\"1024\" height=\"683\" data-id=\"660\"  src=\"https:\/\/kanarikalandok.hu\/wp-content\/uploads\/2022\/03\/Poema-del-Mar-16.jpg\" alt=\"\" class=\"wp-image-660\" srcset=\"https:\/\/kanarikalandok.hu\/wp-content\/uploads\/2022\/03\/Poema-del-Mar-16.jpg 1024w, https:\/\/kanarikalandok.hu\/wp-content\/uploads\/2022\/03\/Poema-del-Mar-16-300x200.jpg 300w, https:\/\/kanarikalandok.hu\/wp-content\/uploads\/2022\/03\/Poema-del-Mar-16-768x512.jpg 768w, https:\/\/kanarikalandok.hu\/wp-content\/uploads\/2022\/03\/Poema-del-Mar-16-40x27.jpg 40w, https:\/\/kanarikalandok.hu\/wp-content\/uploads\/2022\/03\/Poema-del-Mar-16-55x37.jpg 55w, https:\/\/kanarikalandok.hu\/wp-content\/uploads\/2022\/03\/Poema-del-Mar-16-100x67.jpg 100w\" sizes=\"(max-width: 1024px) 100vw, 1024px\" \/><\/figure>\n\n\n\n<figure class=\"wp-block-image size-large\"><img loading=\"lazy\" width=\"1024\" height=\"768\" data-id=\"663\"  src=\"https:\/\/kanarikalandok.hu\/wp-content\/uploads\/2022\/03\/Poema-del-Mar-17.jpg\" alt=\"\" class=\"wp-image-663\" srcset=\"https:\/\/kanarikalandok.hu\/wp-content\/uploads\/2022\/03\/Poema-del-Mar-17.jpg 1024w, https:\/\/kanarikalandok.hu\/wp-content\/uploads\/2022\/03\/Poema-del-Mar-17-300x225.jpg 300w, https:\/\/kanarikalandok.hu\/wp-content\/uploads\/2022\/03\/Poema-del-Mar-17-768x576.jpg 768w, https:\/\/kanarikalandok.hu\/wp-content\/uploads\/2022\/03\/Poema-del-Mar-17-40x30.jpg 40w, https:\/\/kanarikalandok.hu\/wp-content\/uploads\/2022\/03\/Poema-del-Mar-17-55x41.jpg 55w, https:\/\/kanarikalandok.hu\/wp-content\/uploads\/2022\/03\/Poema-del-Mar-17-100x75.jpg 100w\" sizes=\"(max-width: 1024px) 100vw, 1024px\" \/><\/figure>\n\n\n\n<figure class=\"wp-block-image size-large\"><img loading=\"lazy\" width=\"1024\" height=\"768\" data-id=\"666\"  src=\"https:\/\/kanarikalandok.hu\/wp-content\/uploads\/2022\/03\/Poema-del-Mar-18.jpg\" alt=\"\" class=\"wp-image-666\" srcset=\"https:\/\/kanarikalandok.hu\/wp-content\/uploads\/2022\/03\/Poema-del-Mar-18.jpg 1024w, https:\/\/kanarikalandok.hu\/wp-content\/uploads\/2022\/03\/Poema-del-Mar-18-300x225.jpg 300w, https:\/\/kanarikalandok.hu\/wp-content\/uploads\/2022\/03\/Poema-del-Mar-18-768x576.jpg 768w, https:\/\/kanarikalandok.hu\/wp-content\/uploads\/2022\/03\/Poema-del-Mar-18-40x30.jpg 40w, https:\/\/kanarikalandok.hu\/wp-content\/uploads\/2022\/03\/Poema-del-Mar-18-55x41.jpg 55w, https:\/\/kanarikalandok.hu\/wp-content\/uploads\/2022\/03\/Poema-del-Mar-18-100x75.jpg 100w\" sizes=\"(max-width: 1024px) 100vw, 1024px\" \/><\/figure>\n\n\n\n<figure class=\"wp-block-image size-large\"><img loading=\"lazy\" width=\"1024\" height=\"768\" data-id=\"664\"  src=\"https:\/\/kanarikalandok.hu\/wp-content\/uploads\/2022\/03\/Poema-del-Mar-19.jpg\" alt=\"\" class=\"wp-image-664\" srcset=\"https:\/\/kanarikalandok.hu\/wp-content\/uploads\/2022\/03\/Poema-del-Mar-19.jpg 1024w, https:\/\/kanarikalandok.hu\/wp-content\/uploads\/2022\/03\/Poema-del-Mar-19-300x225.jpg 300w, https:\/\/kanarikalandok.hu\/wp-content\/uploads\/2022\/03\/Poema-del-Mar-19-768x576.jpg 768w, https:\/\/kanarikalandok.hu\/wp-content\/uploads\/2022\/03\/Poema-del-Mar-19-40x30.jpg 40w, https:\/\/kanarikalandok.hu\/wp-content\/uploads\/2022\/03\/Poema-del-Mar-19-55x41.jpg 55w, https:\/\/kanarikalandok.hu\/wp-content\/uploads\/2022\/03\/Poema-del-Mar-19-100x75.jpg 100w\" sizes=\"(max-width: 1024px) 100vw, 1024px\" \/><\/figure>\n\n\n\n<figure class=\"wp-block-image size-large\"><img loading=\"lazy\" width=\"1024\" height=\"576\" data-id=\"665\"  src=\"https:\/\/kanarikalandok.hu\/wp-content\/uploads\/2022\/03\/Poema-del-Mar-1.jpg\" alt=\"\" class=\"wp-image-665\" srcset=\"https:\/\/kanarikalandok.hu\/wp-content\/uploads\/2022\/03\/Poema-del-Mar-1.jpg 1024w, https:\/\/kanarikalandok.hu\/wp-content\/uploads\/2022\/03\/Poema-del-Mar-1-300x169.jpg 300w, https:\/\/kanarikalandok.hu\/wp-content\/uploads\/2022\/03\/Poema-del-Mar-1-768x432.jpg 768w, https:\/\/kanarikalandok.hu\/wp-content\/uploads\/2022\/03\/Poema-del-Mar-1-40x23.jpg 40w, https:\/\/kanarikalandok.hu\/wp-content\/uploads\/2022\/03\/Poema-del-Mar-1-55x31.jpg 55w, https:\/\/kanarikalandok.hu\/wp-content\/uploads\/2022\/03\/Poema-del-Mar-1-100x56.jpg 100w\" sizes=\"(max-width: 1024px) 100vw, 1024px\" \/><\/figure>\n<\/figure>\n","protected":false},"excerpt":{"rendered":"<p>F\u00f6ld\u00fcnk vizeinek \u00e9l\u0151vil\u00e1g\u00e1t mutatja be feln\u0151tteknek \u00e9s gyerekeknek egyar\u00e1nt!<\/p>\n","protected":false},"author":2,"featured_media":665,"comment_status":"closed","ping_status":"closed","sticky":false,"template":"","format":"standard","meta":[],"categories":[8],"tags":[],"_links":{"self":[{"href":"https:\/\/kanarikalandok.hu\/wp-json\/wp\/v2\/posts\/647"}],"collection":[{"href":"https:\/\/kanarikalandok.hu\/wp-json\/wp\/v2\/posts"}],"about":[{"href":"https:\/\/kanarikalandok.hu\/wp-json\/wp\/v2\/types\/post"}],"author":[{"embeddable":true,"href":"https:\/\/kanarikalandok.hu\/wp-json\/wp\/v2\/users\/2"}],"replies":[{"embeddable":true,"href":"https:\/\/kanarikalandok.hu\/wp-json\/wp\/v2\/comments?post=647"}],"version-history":[{"count":2,"href":"https:\/\/kanarikalandok.hu\/wp-json\/wp\/v2\/posts\/647\/revisions"}],"predecessor-version":[{"id":862,"href":"https:\/\/kanarikalandok.hu\/wp-json\/wp\/v2\/posts\/647\/revisions\/862"}],"wp:featuredmedia":[{"embeddable":true,"href":"https:\/\/kanarikalandok.hu\/wp-json\/wp\/v2\/media\/665"}],"wp:attachment":[{"href":"https:\/\/kanarikalandok.hu\/wp-json\/wp\/v2\/media?parent=647"}],"wp:term":[{"taxonomy":"category","embeddable":true,"href":"https:\/\/kanarikalandok.hu\/wp-json\/wp\/v2\/categories?post=647"},{"taxonomy":"post_tag","embeddable":true,"href":"https:\/\/kanarikalandok.hu\/wp-json\/wp\/v2\/tags?post=647"}],"curies":[{"name":"wp","href":"https:\/\/api.w.org\/{rel}","templated":true}]}}